{"id":5348,"date":"2024-03-06T10:01:48","date_gmt":"2024-03-06T09:01:48","guid":{"rendered":"https:\/\/www.deutschland-zusammen-gestalten.de\/?p=5348"},"modified":"2024-08-06T18:46:05","modified_gmt":"2024-08-06T16:46:05","slug":"integration-im-fokus","status":"publish","type":"post","link":"https:\/\/www.deutschland-zusammen-gestalten.de\/uk\/integration-im-fokus\/","title":{"rendered":"Integration im Fokus"},"content":{"rendered":"<p>Was muss man kennen, um ein Land zu verstehen? Welches Wissen hilft mir, mich im Alltag in Deutschland zurechtzufinden? Und wo sehe ich Gemeinsamkeiten, wo Unterschiede im Alltagsleben in Deutschland und in anderen L\u00e4ndern? Mit diesen Fragen setzten sich Gefl\u00fcchtete, die einen Integrationskurses der VHS in Aue besuchen, bei unserem Workshopam 6. M\u00e4rz auseinander. Neben vielen Gemeinsamkeiten stellten sie auch Unterschiede fest, wie zum Beispiel den geringen Grad der Digitalisierung der deutschen Verwaltung. \u201eEs gibt sehr viele Papiere\u201c, fasste es ein Teilnehmer zusammen.<\/p>\r\n","protected":false},"excerpt":{"rendered":"<p>Was muss man kennen, um ein Land zu verstehen? Welches [&hellip;]<\/p>\n","protected":false},"author":2,"featured_media":5649,"comment_status":"closed","ping_status":"closed","sticky":false,"template":"","format":"standard","meta":{"footnotes":""},"categories":[42],"tags":[],"class_list":["post-5348","post","type-post","status-publish","format-standard","has-post-thumbnail","hentry","category-orientieren"],"acf":[],"_links":{"self":[{"href":"https:\/\/www.deutschland-zusammen-gestalten.de\/uk\/wp-json\/wp\/v2\/posts\/5348","targetHints":{"allow":["GET"]}}],"collection":[{"href":"https:\/\/www.deutschland-zusammen-gestalten.de\/uk\/wp-json\/wp\/v2\/posts"}],"about":[{"href":"https:\/\/www.deutschland-zusammen-gestalten.de\/uk\/wp-json\/wp\/v2\/types\/post"}],"author":[{"embeddable":true,"href":"https:\/\/www.deutschland-zusammen-gestalten.de\/uk\/wp-json\/wp\/v2\/users\/2"}],"replies":[{"embeddable":true,"href":"https:\/\/www.deutschland-zusammen-gestalten.de\/uk\/wp-json\/wp\/v2\/comments?post=5348"}],"version-history":[{"count":1,"href":"https:\/\/www.deutschland-zusammen-gestalten.de\/uk\/wp-json\/wp\/v2\/posts\/5348\/revisions"}],"predecessor-version":[{"id":5349,"href":"https:\/\/www.deutschland-zusammen-gestalten.de\/uk\/wp-json\/wp\/v2\/posts\/5348\/revisions\/5349"}],"wp:featuredmedia":[{"embeddable":true,"href":"https:\/\/www.deutschland-zusammen-gestalten.de\/uk\/wp-json\/wp\/v2\/media\/5649"}],"wp:attachment":[{"href":"https:\/\/www.deutschland-zusammen-gestalten.de\/uk\/wp-json\/wp\/v2\/media?parent=5348"}],"wp:term":[{"taxonomy":"category","embeddable":true,"href":"https:\/\/www.deutschland-zusammen-gestalten.de\/uk\/wp-json\/wp\/v2\/categories?post=5348"},{"taxonomy":"post_tag","embeddable":true,"href":"https:\/\/www.deutschland-zusammen-gestalten.de\/uk\/wp-json\/wp\/v2\/tags?post=5348"}],"curies":[{"name":"wp","href":"https:\/\/api.w.org\/{rel}","templated":true}]}}