{"id":5176,"date":"2023-10-24T20:02:10","date_gmt":"2023-10-24T18:02:10","guid":{"rendered":"https:\/\/www.deutschland-zusammen-gestalten.de\/?p=5176"},"modified":"2024-05-30T20:02:55","modified_gmt":"2024-05-30T18:02:55","slug":"zu-besuch-in-lauffen-am-neckar","status":"publish","type":"post","link":"https:\/\/www.deutschland-zusammen-gestalten.de\/uk\/zu-besuch-in-lauffen-am-neckar\/","title":{"rendered":"Zu Besuch in Lauffen am Neckar"},"content":{"rendered":"<p>Am 23. und 24. Oktober 2023 f\u00fchrten wir mit Unterst\u00fctzung des Landratsamts Heilbronn zwei Workshops zu den Themen Alltag und Gleichberechtigung durch. Die Teilnehmerinnen \u2013 Frauen aus der Ukraine \u2013 bekamen die Gelegenheit, sich in einem gesch\u00fctzten Raum \u00fcber ihre Alltagsprobleme, ihr Leben in Deutschland und ihre Wahrnehmung von Gleichberechtigung auszutauschen. Die beiden Workshops wurden vonseiten des Landratsamts als Auftakt einer Veranstaltungsreihe genutzt, um den Austausch mit den gefl\u00fcchteten Frauen zu vertiefen, herauszufinden, welche Themen sie bewegen, und zu beleuchten, vor welchen Herausforderungen die Frauen stehen und auf welche Weise das Landratsamt sie sinnvoll unterst\u00fctzen kann.<\/p>\n<p>Am ersten Tag besprachen die Teilnehmerinnen in einem Dialogformat Alltagsthemen, die sie bewegen. Dabei kamen sowohl Unterschiede ihrer jetzigen Umgebung zu ihren Herkunftsorten zur Sprache, als auch Alltagsprobleme beispielsweise bei der Wohnungssuche. Am zweiten Tag befassten sie sich intensiv mit dem Thema Gleichberechtigung. Nach einem Austausch dazu, was Gleichberechtigung ausmacht, besch\u00e4ftigten sich die Frauen mit der historischen Entwicklung von Frauenrechten in Deutschland. Anschlie\u00dfend lag der Fokus auf ihnen selbst: In einer interaktiven Methode reflektierten die Teilnehmerinnen, was sie f\u00fcr ein gutes Leben brauchen, wo daf\u00fcr Herausforderungen liegen und was ihnen helfen kann, ihre Ziele zu erreichen und W\u00fcnsche zu erf\u00fcllen.<\/p>\n<p>Neben zwei Bildungskoordinatorinnen des Landratsamts nahm an diesem Workshop auch Tanja Br\u00e4ther teil. Sie ist beim Jobcenter f\u00fcr den Bereich \u201eChancengleichheit am Arbeitsmarkt\u201c zust\u00e4ndig und konnte daher bei vielen Herausforderungen in den Bereichen Anerkennung und Arbeitsmarktzug\u00e4nge Fragen beantworten und den Frauen hilfreiche Informationen geben. Gerade in diesem Bereich wurde bei den Teilnehmerinnen ein hoher Beratungsbedarf deutlich. Herzlichen Dank an Frau Br\u00e4ther f\u00fcr Ihre Unterst\u00fctzung und an Frau Hindahl und Frau Jaworska vom Landratsamt f\u00fcr die Zusammenarbeit!<\/p>\n","protected":false},"excerpt":{"rendered":"<p>Am 23. und 24. Oktober 2023 f\u00fchrten wir mit Unterst\u00fctzung [&hellip;]<\/p>\n","protected":false},"author":2,"featured_media":3708,"comment_status":"closed","ping_status":"closed","sticky":false,"template":"","format":"standard","meta":{"footnotes":""},"categories":[42],"tags":[],"class_list":["post-5176","post","type-post","status-publish","format-standard","has-post-thumbnail","hentry","category-orientieren"],"acf":[],"_links":{"self":[{"href":"https:\/\/www.deutschland-zusammen-gestalten.de\/uk\/wp-json\/wp\/v2\/posts\/5176","targetHints":{"allow":["GET"]}}],"collection":[{"href":"https:\/\/www.deutschland-zusammen-gestalten.de\/uk\/wp-json\/wp\/v2\/posts"}],"about":[{"href":"https:\/\/www.deutschland-zusammen-gestalten.de\/uk\/wp-json\/wp\/v2\/types\/post"}],"author":[{"embeddable":true,"href":"https:\/\/www.deutschland-zusammen-gestalten.de\/uk\/wp-json\/wp\/v2\/users\/2"}],"replies":[{"embeddable":true,"href":"https:\/\/www.deutschland-zusammen-gestalten.de\/uk\/wp-json\/wp\/v2\/comments?post=5176"}],"version-history":[{"count":1,"href":"https:\/\/www.deutschland-zusammen-gestalten.de\/uk\/wp-json\/wp\/v2\/posts\/5176\/revisions"}],"predecessor-version":[{"id":5177,"href":"https:\/\/www.deutschland-zusammen-gestalten.de\/uk\/wp-json\/wp\/v2\/posts\/5176\/revisions\/5177"}],"wp:featuredmedia":[{"embeddable":true,"href":"https:\/\/www.deutschland-zusammen-gestalten.de\/uk\/wp-json\/wp\/v2\/media\/3708"}],"wp:attachment":[{"href":"https:\/\/www.deutschland-zusammen-gestalten.de\/uk\/wp-json\/wp\/v2\/media?parent=5176"}],"wp:term":[{"taxonomy":"category","embeddable":true,"href":"https:\/\/www.deutschland-zusammen-gestalten.de\/uk\/wp-json\/wp\/v2\/categories?post=5176"},{"taxonomy":"post_tag","embeddable":true,"href":"https:\/\/www.deutschland-zusammen-gestalten.de\/uk\/wp-json\/wp\/v2\/tags?post=5176"}],"curies":[{"name":"wp","href":"https:\/\/api.w.org\/{rel}","templated":true}]}}