{"id":5165,"date":"2023-07-05T19:56:18","date_gmt":"2023-07-05T17:56:18","guid":{"rendered":"https:\/\/www.deutschland-zusammen-gestalten.de\/?p=5165"},"modified":"2024-05-30T19:56:59","modified_gmt":"2024-05-30T17:56:59","slug":"wie-kann-ich-fuer-mein-kind-eine-neue-kita-finden","status":"publish","type":"post","link":"https:\/\/www.deutschland-zusammen-gestalten.de\/uk\/wie-kann-ich-fuer-mein-kind-eine-neue-kita-finden\/","title":{"rendered":"Wie kann ich f\u00fcr mein Kind eine neue Kita finden?"},"content":{"rendered":"<p>\u201eWie kann ich f\u00fcr mein Kind eine neue Kita finden? Welche Tipps habt ihr, um in Hamburg eine Wohnung zu bekommen? Und wie gehe ich mit deutschen Festen wie Weihnachten um \u2013 welche Traditionen setze ich f\u00fcr meine Kinder um, damit sie \u201adazugeh\u00f6ren\u2018, welche lasse ich bleiben?\u201c \u2013 Die Teilnehmerinnen des Workshops \u201eAlltag\u201c im Frauenbildungscaf\u00e9 des Kulturladens Hamm in Hamburg waren hoch motiviert, alltagspraktische Fragen zu ihren Leben in Deutschland zu diskutieren. Gemeinsam thematisierten sie Herausforderungen, best\u00e4rkten sich gegenseitig und suchten zusammen nach L\u00f6sungen f\u00fcr gro\u00dfe und kleine Probleme.<\/p>\n<p>Begleitet wurden sie dabei von unserer Referentin Katharina Fi\u00dfmer uns von Nadia Pardis, die das Frauenbildungscaf\u00e9 des Kulturladens ins Leben gerufen hat. Das Caf\u00e9, das zwei Mal pro Monat stattfindet, ist ein Treffpunkt f\u00fcr Frauen mit Flucht- und Migrationserfahrung. Viele der Teilnehmerinnen haben au\u00dferhalb ihrer Familien wenig Kontakte. Das Frauenbildungscaf\u00e9 ist f\u00fcr sie ein sicherer Raum, der ihnen die M\u00f6glichkeit bietet, Gleichgesinnte zu treffen und sich weiterzubilden. So haben die Frauen beispielsweise bereits einen Grundlagenkurs am Computer durchgef\u00fchrt und nehmen an Workshops zu den Themen Ausbildung und Bewerbung teil.<\/p>\n","protected":false},"excerpt":{"rendered":"<p>\u201eWie kann ich f\u00fcr mein Kind eine neue Kita finden? [&hellip;]<\/p>\n","protected":false},"author":2,"featured_media":3708,"comment_status":"closed","ping_status":"closed","sticky":false,"template":"","format":"standard","meta":{"footnotes":""},"categories":[42],"tags":[],"class_list":["post-5165","post","type-post","status-publish","format-standard","has-post-thumbnail","hentry","category-orientieren"],"acf":[],"_links":{"self":[{"href":"https:\/\/www.deutschland-zusammen-gestalten.de\/uk\/wp-json\/wp\/v2\/posts\/5165","targetHints":{"allow":["GET"]}}],"collection":[{"href":"https:\/\/www.deutschland-zusammen-gestalten.de\/uk\/wp-json\/wp\/v2\/posts"}],"about":[{"href":"https:\/\/www.deutschland-zusammen-gestalten.de\/uk\/wp-json\/wp\/v2\/types\/post"}],"author":[{"embeddable":true,"href":"https:\/\/www.deutschland-zusammen-gestalten.de\/uk\/wp-json\/wp\/v2\/users\/2"}],"replies":[{"embeddable":true,"href":"https:\/\/www.deutschland-zusammen-gestalten.de\/uk\/wp-json\/wp\/v2\/comments?post=5165"}],"version-history":[{"count":2,"href":"https:\/\/www.deutschland-zusammen-gestalten.de\/uk\/wp-json\/wp\/v2\/posts\/5165\/revisions"}],"predecessor-version":[{"id":5167,"href":"https:\/\/www.deutschland-zusammen-gestalten.de\/uk\/wp-json\/wp\/v2\/posts\/5165\/revisions\/5167"}],"wp:featuredmedia":[{"embeddable":true,"href":"https:\/\/www.deutschland-zusammen-gestalten.de\/uk\/wp-json\/wp\/v2\/media\/3708"}],"wp:attachment":[{"href":"https:\/\/www.deutschland-zusammen-gestalten.de\/uk\/wp-json\/wp\/v2\/media?parent=5165"}],"wp:term":[{"taxonomy":"category","embeddable":true,"href":"https:\/\/www.deutschland-zusammen-gestalten.de\/uk\/wp-json\/wp\/v2\/categories?post=5165"},{"taxonomy":"post_tag","embeddable":true,"href":"https:\/\/www.deutschland-zusammen-gestalten.de\/uk\/wp-json\/wp\/v2\/tags?post=5165"}],"curies":[{"name":"wp","href":"https:\/\/api.w.org\/{rel}","templated":true}]}}