{"id":5044,"date":"2023-12-11T18:49:27","date_gmt":"2023-12-11T17:49:27","guid":{"rendered":"https:\/\/www.deutschland-zusammen-gestalten.de\/?p=5044"},"modified":"2024-05-30T18:56:48","modified_gmt":"2024-05-30T16:56:48","slug":"begegnung-im-rathaus-halstenbek","status":"publish","type":"post","link":"https:\/\/www.deutschland-zusammen-gestalten.de\/uk\/begegnung-im-rathaus-halstenbek\/","title":{"rendered":"Begegnung im Rathaus Halstenbek"},"content":{"rendered":"<p>Am fr\u00fchen Abend des 11. Dezember 2023 lernten sich 14 Personen im Rathaus Halstenbek kennen, die aus dem Irak, Afghanistan, Syrien, Ukraine und Deutschland kamen. Zusammen mit Adham Shannan, Integrationsbeauftragter der Gemeinde Halstenbek, veranstalteten wir eine Begegnungsveranstaltung f\u00fcr Menschen mit und ohne Fluchtgeschichte.<\/p>\n<p>Der 24-j\u00e4hrige Asif* kam aus Afghanistan und lebt seit zwei Jahren in Halstenbek. Davor war er acht Jahre in der Ukraine. Auch der 25-j\u00e4hrige syrische Zahnarzt Firas* lebte in der Ukraine, bevor dort der Krieg ausgebrochen ist. Somit sei er zwei Mal vor dem Krieg gefl\u00fcchtet. Er berichtete von den Herausforderungen und der langen Dauer, seinen Studienabschluss in Deutschland anerkennen zu lassen. Auch f\u00fcr die 52-j\u00e4hrige Lehrerin Margaryta* aus der Ukraine ben\u00f6tigte die Anerkennung ihres Abschlusses viel Zeit, da sie daf\u00fcr weitere Kurse besuchen muss. Aber schon jetzt arbeitet sie Lehrerin in einer DaZ (Deutsch als Zweitsprache)-Klasse f\u00fcr ukrainische Kinder. Sie erz\u00e4hlte, dass das Ankommen in Deutschland und Halstenbek schwierig war \u2013 alles sei anders gewesen. Hinzu kamen traumatische Erfahrungen des Krieges. Diese spiegeln sich auch bei den Kindern ihrer DaZ-Klasse wider.<\/p>\n<p>Gro\u00dfen Respekt vor den gemeisterten Herausforderungen und der guten Deutschsprachkenntnisse der Gefl\u00fcchteten hatte Bettina*. F\u00fcr den 20-j\u00e4hrigen Edris* war das alles andere als selbstverst\u00e4ndlich. Der Iraker berichtete, dass er seit zwei Jahren in Halstenbek lebt und nur eine Duldung erhalten hat. Dadurch fehlte ihm eine langfristige Planungsperspektive und Sicherheit, auch berichtete er, dass er sich seinen Sprachkurs selbst finanzieren musste. Da er gut Deutsch spricht, k\u00fcmmerte er sich um viele administrative Aufgaben von sich und seiner Mutter. Beide leben in st\u00e4ndiger Angst vor einer Abschiebung. Er w\u00fcnschte sich nicht nur sein Leben langfristig in Deutschland gestalten zu k\u00f6nnen, sondern auch eine Ver\u00e4nderung der Politik und gleiche Chancen f\u00fcr alle \u2013 auf einen Deutschkurs, eine Ausbildung und ein Leben in Sicherheit.<\/p>\n<p>Geschichten, wie die von Edris* stimmten alle im Raum nachdenklich. Er ist ein junger hochmotivierter Mann, der bereits viel in seinem Leben gemeistert hat, seine Familie unterst\u00fctzt, sich weiterbildet und aktiv an der Gesellschaft in Deutschland teilhaben m\u00f6chte. Dies wird ihm aber, aufgrund seiner Herkunft, durch die Unsicherheiten und Unplanbarkeit der Duldung erschwert bzw. unm\u00f6glich gemacht. Und so ging der Abend mit einem schweren Thema, aber auch Hoffnung und neuen Begegnungen in Halstenbek zu Ende.<\/p>\n<p>*Namen ge\u00e4ndert<\/p>\n","protected":false},"excerpt":{"rendered":"<p>Am fr\u00fchen Abend des 11. Dezember 2023 lernten sich 14 [&hellip;]<\/p>\n","protected":false},"author":2,"featured_media":3705,"comment_status":"closed","ping_status":"closed","sticky":false,"template":"","format":"standard","meta":{"footnotes":""},"categories":[5],"tags":[],"class_list":["post-5044","post","type-post","status-publish","format-standard","has-post-thumbnail","hentry","category-begegnen"],"acf":[],"_links":{"self":[{"href":"https:\/\/www.deutschland-zusammen-gestalten.de\/uk\/wp-json\/wp\/v2\/posts\/5044","targetHints":{"allow":["GET"]}}],"collection":[{"href":"https:\/\/www.deutschland-zusammen-gestalten.de\/uk\/wp-json\/wp\/v2\/posts"}],"about":[{"href":"https:\/\/www.deutschland-zusammen-gestalten.de\/uk\/wp-json\/wp\/v2\/types\/post"}],"author":[{"embeddable":true,"href":"https:\/\/www.deutschland-zusammen-gestalten.de\/uk\/wp-json\/wp\/v2\/users\/2"}],"replies":[{"embeddable":true,"href":"https:\/\/www.deutschland-zusammen-gestalten.de\/uk\/wp-json\/wp\/v2\/comments?post=5044"}],"version-history":[{"count":1,"href":"https:\/\/www.deutschland-zusammen-gestalten.de\/uk\/wp-json\/wp\/v2\/posts\/5044\/revisions"}],"predecessor-version":[{"id":5045,"href":"https:\/\/www.deutschland-zusammen-gestalten.de\/uk\/wp-json\/wp\/v2\/posts\/5044\/revisions\/5045"}],"wp:featuredmedia":[{"embeddable":true,"href":"https:\/\/www.deutschland-zusammen-gestalten.de\/uk\/wp-json\/wp\/v2\/media\/3705"}],"wp:attachment":[{"href":"https:\/\/www.deutschland-zusammen-gestalten.de\/uk\/wp-json\/wp\/v2\/media?parent=5044"}],"wp:term":[{"taxonomy":"category","embeddable":true,"href":"https:\/\/www.deutschland-zusammen-gestalten.de\/uk\/wp-json\/wp\/v2\/categories?post=5044"},{"taxonomy":"post_tag","embeddable":true,"href":"https:\/\/www.deutschland-zusammen-gestalten.de\/uk\/wp-json\/wp\/v2\/tags?post=5044"}],"curies":[{"name":"wp","href":"https:\/\/api.w.org\/{rel}","templated":true}]}}