{"id":4242,"date":"2023-11-23T02:14:00","date_gmt":"2023-11-23T01:14:00","guid":{"rendered":"https:\/\/www.deutschland-zusammen-gestalten.de\/?p=4242"},"modified":"2024-02-13T10:10:59","modified_gmt":"2024-02-13T09:10:59","slug":"zu-gast-im-familienzentrum-schmalkalden","status":"publish","type":"post","link":"https:\/\/www.deutschland-zusammen-gestalten.de\/ar\/zu-gast-im-familienzentrum-schmalkalden\/","title":{"rendered":"Zu Gast im Familienzentrum Schmalkalden"},"content":{"rendered":"\n<p>Mit Unterst\u00fctzung von Annika Gebhardt von MGH Familienzentrum Schmalkalden fand am 23. November 2023 eine Begegnungsveranstaltung f\u00fcr Jugendliche und junge Erwachsene statt. Zusammen mit Margitta Fritzsch und Joachim Rieger vom Jugendhaus Walperloh, Marcelo Larricq von der Fl\u00fcchtlingsbetreuung Schmalkalden und der Hochschule Schmalkalden konnten sowohl Jugendliche und junge Erwachsene mit und ohne Fluchtgeschichte eingeladen werden und so nahmen 14 Personen daran teil.<\/p>\n\n\n\n<p>Einf\u00fchrend erz\u00e4hlte eine aus der Ukraine kommende Studentin von ihrem Leben in der Ukraine, was sich durch den russischen Angriffskrieg stark ver\u00e4nderte. Gemeinsam mit ihrer Mutter floh sie nach Deutschland, wo sie zun\u00e4chst in einem bayrischen Dorf untergekommen sind. Dort konnte sie zwar ihr Studium online fortsetzen, jedoch habe sie sich dort sehr einsam und nicht wohl gef\u00fchlt. Sehr abgeschieden sei es gewesen und in der Unterkunft waren ausschlie\u00dflich junge Kinder, aber keine Gleichaltrigen. Als es in ihrer Heimatgegend wieder ruhiger wurde, sei sie mit ihrer Mutter zur\u00fcckgekehrt und konnte ein Auslandsstudium an der Hochschule Schmalkalden beginnen. Den kleinen famili\u00e4ren Campus, das Leben im Wohnheim, in dem viele internationale Studierende unterkommen, habe ihr so gut gefallen, dass sie fest an die Hochschule wechselte. Sie mag das Leben im h\u00fcbschen Schmalkalden, was gepr\u00e4gt ist von Fachwerkh\u00e4usern, und das vielf\u00e4ltige Angebot an ihrer Uni. Nach ihren Erz\u00e4hlungen kamen die Teilnehmenden mithilfe eines Bingo-Spiels in den Austausch und konnten so \u00fcber die anderen Personen Pers\u00f6nliches erfahren, woran sich ein Gespr\u00e4ch anschloss. So berichtete eine Teilnehmerin aus Syrien, dass es am Anfang schwierig war in Deutschland. Sie konnte kein Deutsch und ihre Mitsch\u00fclerinnen und Mitsch\u00fcler seien oft nicht so freundlich gewesen. Der Wechsel an eine neue Schule machte es ihr leichter, Freundschaften zu schlie\u00dfen. Auch f\u00fcr einen jungen Teilnehmer aus Tschetschenien bedeutete der Wechsel von der Grund- zur Regelschule eine Verbesserung. Hier habe er viele Freunde, mit denen er oft zum Boxtraining geht. Mit der Zeit bildeten sich kleine Gespr\u00e4chsgruppen, das Jugendhaus Walperloh bewarb sowohl ihre baldige Party, so wie andere Angebote, was bei vielen der Teilnehmenden positiv ankam.<\/p>\n","protected":false},"excerpt":{"rendered":"<p>Mit Unterst\u00fctzung von Annika Gebhardt von MGH Familienzentrum Schmalkalden fand [&hellip;]<\/p>\n","protected":false},"author":1,"featured_media":3705,"comment_status":"closed","ping_status":"closed","sticky":false,"template":"","format":"standard","meta":{"footnotes":""},"categories":[5],"tags":[],"class_list":["post-4242","post","type-post","status-publish","format-standard","has-post-thumbnail","hentry","category-begegnen"],"acf":[],"_links":{"self":[{"href":"https:\/\/www.deutschland-zusammen-gestalten.de\/ar\/wp-json\/wp\/v2\/posts\/4242","targetHints":{"allow":["GET"]}}],"collection":[{"href":"https:\/\/www.deutschland-zusammen-gestalten.de\/ar\/wp-json\/wp\/v2\/posts"}],"about":[{"href":"https:\/\/www.deutschland-zusammen-gestalten.de\/ar\/wp-json\/wp\/v2\/types\/post"}],"author":[{"embeddable":true,"href":"https:\/\/www.deutschland-zusammen-gestalten.de\/ar\/wp-json\/wp\/v2\/users\/1"}],"replies":[{"embeddable":true,"href":"https:\/\/www.deutschland-zusammen-gestalten.de\/ar\/wp-json\/wp\/v2\/comments?post=4242"}],"version-history":[{"count":1,"href":"https:\/\/www.deutschland-zusammen-gestalten.de\/ar\/wp-json\/wp\/v2\/posts\/4242\/revisions"}],"predecessor-version":[{"id":4243,"href":"https:\/\/www.deutschland-zusammen-gestalten.de\/ar\/wp-json\/wp\/v2\/posts\/4242\/revisions\/4243"}],"wp:featuredmedia":[{"embeddable":true,"href":"https:\/\/www.deutschland-zusammen-gestalten.de\/ar\/wp-json\/wp\/v2\/media\/3705"}],"wp:attachment":[{"href":"https:\/\/www.deutschland-zusammen-gestalten.de\/ar\/wp-json\/wp\/v2\/media?parent=4242"}],"wp:term":[{"taxonomy":"category","embeddable":true,"href":"https:\/\/www.deutschland-zusammen-gestalten.de\/ar\/wp-json\/wp\/v2\/categories?post=4242"},{"taxonomy":"post_tag","embeddable":true,"href":"https:\/\/www.deutschland-zusammen-gestalten.de\/ar\/wp-json\/wp\/v2\/tags?post=4242"}],"curies":[{"name":"wp","href":"https:\/\/api.w.org\/{rel}","templated":true}]}}